{"id":8109,"date":"2025-03-19T20:45:34","date_gmt":"2025-03-19T19:45:34","guid":{"rendered":"http:\/\/parafia.zebrzydowice.eu\/?p=8109"},"modified":"2025-03-25T21:13:28","modified_gmt":"2025-03-25T20:13:28","slug":"piatek-4-kwietnia","status":"publish","type":"post","link":"http:\/\/parafia.zebrzydowice.eu\/?p=8109","title":{"rendered":"PI\u0104TEK 4 KWIETNIA!"},"content":{"rendered":"\n<figure class=\"wp-block-image size-large\"><a href=\"http:\/\/parafia.zebrzydowice.eu\/wp-content\/uploads\/2025\/03\/Naglowek.jpg\"><img decoding=\"async\" loading=\"lazy\" width=\"1024\" height=\"324\" src=\"http:\/\/parafia.zebrzydowice.eu\/wp-content\/uploads\/2025\/03\/Naglowek-1024x324.jpg\" alt=\"\" class=\"wp-image-8110\" srcset=\"http:\/\/parafia.zebrzydowice.eu\/wp-content\/uploads\/2025\/03\/Naglowek-1024x324.jpg 1024w, http:\/\/parafia.zebrzydowice.eu\/wp-content\/uploads\/2025\/03\/Naglowek-300x95.jpg 300w, http:\/\/parafia.zebrzydowice.eu\/wp-content\/uploads\/2025\/03\/Naglowek-768x243.jpg 768w, http:\/\/parafia.zebrzydowice.eu\/wp-content\/uploads\/2025\/03\/Naglowek-1536x486.jpg 1536w, http:\/\/parafia.zebrzydowice.eu\/wp-content\/uploads\/2025\/03\/Naglowek.jpg 1782w\" sizes=\"(max-width: 1024px) 100vw, 1024px\" \/><\/a><\/figure>\n\n\n\n<p><\/p>\n\n\n\n<p class=\"has-text-align-center\"><strong>Ju\u017c po raz trzeci zapraszamy na Nocn\u0105 Drog\u0119 Krzy\u017cow\u0105 wok\u00f3\u0142 Zebrzydowic!<\/strong><\/p>\n\n\n\n<p class=\"has-text-align-center\"><strong>Wyruszymy w pi\u0105tek 4 kwietnia po wieczornej Mszy \u015awi\u0119tej<\/strong>.<\/p>\n\n\n\n<p class=\"has-text-align-left\">Przejdziemy 25 km, t\u0105 sam\u0105 tras\u0105, co w zesz\u0142ym roku, mijaj\u0105c po drodze ko\u015bcio\u0142y naszej gminy. Ale p\u00f3jdziemy w odwrotn\u0105 stron\u0119. Najpierw Ko\u0144czyce Ma\u0142e, potem Kaczyce, Marklowice G\u00f3rne i zako\u0144czymy przy naszym ko\u015bciele. Rok temu szli\u015bmy 5 godzin i 45 minut. W tym roku b\u0119dzie pewnie podobnie. Na trasie planujemy jeden d\u0142u\u017cszy odpoczynek\u00a0\u2013\u00a0przy ko\u015bciele w Kaczycach \u2013 oko\u0142o 20 minut.<\/p>\n\n\n<div class=\"wp-block-image\">\n<figure class=\"aligncenter size-full\"><a href=\"http:\/\/parafia.zebrzydowice.eu\/wp-content\/uploads\/2025\/03\/Trasa-NDK-2025-ze-stacjami-mala.jpg\"><img decoding=\"async\" loading=\"lazy\" width=\"582\" height=\"713\" src=\"http:\/\/parafia.zebrzydowice.eu\/wp-content\/uploads\/2025\/03\/Trasa-NDK-2025-ze-stacjami-mala.jpg\" alt=\"\" class=\"wp-image-8130\" srcset=\"http:\/\/parafia.zebrzydowice.eu\/wp-content\/uploads\/2025\/03\/Trasa-NDK-2025-ze-stacjami-mala.jpg 582w, http:\/\/parafia.zebrzydowice.eu\/wp-content\/uploads\/2025\/03\/Trasa-NDK-2025-ze-stacjami-mala-245x300.jpg 245w\" sizes=\"(max-width: 582px) 100vw, 582px\" \/><\/a><\/figure><\/div>\n\n\n<p><\/p>\n\n\n\n<p>Nasza droga jest wzorowana na Ekstremalnych Drogach Krzy\u017cowych, gdzie jedn\u0105 z g\u0142\u00f3wnych zasad jest cisza. Dlatego\u00a0<strong>IDZIEMY W MILCZENIU<\/strong>. Ma to by\u0107\u00a0<strong>czas indywidualnej modlitwy, przemy\u015ble\u0144<\/strong>.<\/p>\n\n\n\n<p>Zach\u0119camy do s\u0142uchania w drodze rozwa\u017ca\u0144 przygotowanych przez organizator\u00f3w Ekstremalnej Drogi Krzy\u017cowej, dost\u0119pnych na stronie<strong>&nbsp;<a href=\"https:\/\/www.edk.org.pl\/rozwazania\/\">https:\/\/www.edk.org.pl\/rozwazania\/<\/a><\/strong><\/p>\n\n\n\n<p>Nasza Nocna Droga Krzy\u017cowa ma charakter indywidualny. Nie jeste\u015bmy grup\u0105 zorganizowan\u0105, jak pielgrzymka.&nbsp;Idziemy na w\u0142asn\u0105 odpowiedzialno\u015b\u0107.<\/p>\n\n\n\n<p class=\"has-text-align-right\">Do zobaczenia na Drodze!<\/p>\n\n\n\n<p class=\"has-text-align-right\">M\u0119ska Wsp\u00f3lnota DOM<\/p>\n\n\n\n<p><\/p>\n","protected":false},"excerpt":{"rendered":"<p>Ju\u017c po raz trzeci zapraszamy na Nocn\u0105 Drog\u0119 Krzy\u017cow\u0105 wok\u00f3\u0142 Zebrzydowic! Wyruszymy w pi\u0105tek 4 kwietnia po wieczornej Mszy \u015awi\u0119tej. Przejdziemy 25 km, t\u0105 sam\u0105 tras\u0105, co w zesz\u0142ym roku, mijaj\u0105c po drodze ko\u015bcio\u0142y naszej gminy. Ale p\u00f3jdziemy w odwrotn\u0105 stron\u0119. Najpierw Ko\u0144czyce Ma\u0142e, potem Kaczyce, Marklowice G\u00f3rne i zako\u0144czymy przy naszym ko\u015bciele. Rok temu &#8230; <span class=\"more\"><a class=\"more-link\" href=\"http:\/\/parafia.zebrzydowice.eu\/?p=8109\">[czytaj dalej]<\/a><\/span><\/p>\n","protected":false},"author":9,"featured_media":0,"comment_status":"closed","ping_status":"closed","sticky":false,"template":"","format":"standard","meta":{"ngg_post_thumbnail":0},"categories":[1],"tags":[],"_links":{"self":[{"href":"http:\/\/parafia.zebrzydowice.eu\/index.php?rest_route=\/wp\/v2\/posts\/8109"}],"collection":[{"href":"http:\/\/parafia.zebrzydowice.eu\/index.php?rest_route=\/wp\/v2\/posts"}],"about":[{"href":"http:\/\/parafia.zebrzydowice.eu\/index.php?rest_route=\/wp\/v2\/types\/post"}],"author":[{"embeddable":true,"href":"http:\/\/parafia.zebrzydowice.eu\/index.php?rest_route=\/wp\/v2\/users\/9"}],"replies":[{"embeddable":true,"href":"http:\/\/parafia.zebrzydowice.eu\/index.php?rest_route=%2Fwp%2Fv2%2Fcomments&post=8109"}],"version-history":[{"count":8,"href":"http:\/\/parafia.zebrzydowice.eu\/index.php?rest_route=\/wp\/v2\/posts\/8109\/revisions"}],"predecessor-version":[{"id":8133,"href":"http:\/\/parafia.zebrzydowice.eu\/index.php?rest_route=\/wp\/v2\/posts\/8109\/revisions\/8133"}],"wp:attachment":[{"href":"http:\/\/parafia.zebrzydowice.eu\/index.php?rest_route=%2Fwp%2Fv2%2Fmedia&parent=8109"}],"wp:term":[{"taxonomy":"category","embeddable":true,"href":"http:\/\/parafia.zebrzydowice.eu\/index.php?rest_route=%2Fwp%2Fv2%2Fcategories&post=8109"},{"taxonomy":"post_tag","embeddable":true,"href":"http:\/\/parafia.zebrzydowice.eu\/index.php?rest_route=%2Fwp%2Fv2%2Ftags&post=8109"}],"curies":[{"name":"wp","href":"https:\/\/api.w.org\/{rel}","templated":true}]}}