{"id":8027,"date":"2025-02-09T20:41:25","date_gmt":"2025-02-09T19:41:25","guid":{"rendered":"http:\/\/parafia.zebrzydowice.eu\/?p=8027"},"modified":"2025-03-19T20:59:38","modified_gmt":"2025-03-19T19:59:38","slug":"spotkania-odnowa-w-srody","status":"publish","type":"post","link":"http:\/\/parafia.zebrzydowice.eu\/?p=8027","title":{"rendered":"Spotkania Odnowy w \u015brody!"},"content":{"rendered":"<div class=\"wp-block-image\">\n<figure class=\"aligncenter size-large is-resized\"><a href=\"http:\/\/parafia.zebrzydowice.eu\/wp-content\/uploads\/2025\/02\/309431342_463810322453570_6611394003301061379_n.png\"><img decoding=\"async\" loading=\"lazy\" src=\"http:\/\/parafia.zebrzydowice.eu\/wp-content\/uploads\/2025\/02\/309431342_463810322453570_6611394003301061379_n-1024x1024.png\" alt=\"\" class=\"wp-image-8028\" width=\"170\" height=\"170\" srcset=\"http:\/\/parafia.zebrzydowice.eu\/wp-content\/uploads\/2025\/02\/309431342_463810322453570_6611394003301061379_n-1024x1024.png 1024w, http:\/\/parafia.zebrzydowice.eu\/wp-content\/uploads\/2025\/02\/309431342_463810322453570_6611394003301061379_n-300x300.png 300w, http:\/\/parafia.zebrzydowice.eu\/wp-content\/uploads\/2025\/02\/309431342_463810322453570_6611394003301061379_n-150x150.png 150w, http:\/\/parafia.zebrzydowice.eu\/wp-content\/uploads\/2025\/02\/309431342_463810322453570_6611394003301061379_n-768x768.png 768w, http:\/\/parafia.zebrzydowice.eu\/wp-content\/uploads\/2025\/02\/309431342_463810322453570_6611394003301061379_n.png 1126w\" sizes=\"(max-width: 170px) 100vw, 170px\" \/><\/a><\/figure><\/div>\n\n\n<p><\/p>\n\n\n\n<p class=\"has-text-align-center\"><strong>Od lutego 2025 Wsp\u00f3lnota Odnowy w Duchu \u015awi\u0119tym &#8222;Wyp\u0142y\u0144 na g\u0142\u0119bi\u0119&#8221;<\/strong><\/p>\n\n\n\n<p class=\"has-text-align-center\"><strong>zaprasza na spotkania w \u015brody. <\/strong><\/p>\n\n\n\n<p class=\"has-text-align-center\">W pierwsze \u015brody miesi\u0105ca zapraszamy na Eucharysti\u0119 o 19:00, a potem na spotkanie modlitewne w ko\u015bciele (z mo\u017cliwo\u015bci\u0105 skorzystania z modlitwy wstawienniczej).<\/p>\n\n\n\n<p class=\"has-text-align-center\">W pozosta\u0142e \u015brody spotykamy si\u0119 na probostwie oko\u0142o 18:30 (po wieczornej Mszy \u015bwi\u0119tej).<\/p>\n\n\n\n<p><\/p>\n","protected":false},"excerpt":{"rendered":"<p>Od lutego 2025 Wsp\u00f3lnota Odnowy w Duchu \u015awi\u0119tym &#8222;Wyp\u0142y\u0144 na g\u0142\u0119bi\u0119&#8221; zaprasza na spotkania w \u015brody. W pierwsze \u015brody miesi\u0105ca zapraszamy na Eucharysti\u0119 o 19:00, a potem na spotkanie modlitewne w ko\u015bciele (z mo\u017cliwo\u015bci\u0105 skorzystania z modlitwy wstawienniczej). W pozosta\u0142e \u015brody spotykamy si\u0119 na probostwie oko\u0142o 18:30 (po wieczornej Mszy \u015bwi\u0119tej).<\/p>\n","protected":false},"author":9,"featured_media":0,"comment_status":"closed","ping_status":"closed","sticky":false,"template":"","format":"standard","meta":{"ngg_post_thumbnail":0},"categories":[1],"tags":[],"_links":{"self":[{"href":"http:\/\/parafia.zebrzydowice.eu\/index.php?rest_route=\/wp\/v2\/posts\/8027"}],"collection":[{"href":"http:\/\/parafia.zebrzydowice.eu\/index.php?rest_route=\/wp\/v2\/posts"}],"about":[{"href":"http:\/\/parafia.zebrzydowice.eu\/index.php?rest_route=\/wp\/v2\/types\/post"}],"author":[{"embeddable":true,"href":"http:\/\/parafia.zebrzydowice.eu\/index.php?rest_route=\/wp\/v2\/users\/9"}],"replies":[{"embeddable":true,"href":"http:\/\/parafia.zebrzydowice.eu\/index.php?rest_route=%2Fwp%2Fv2%2Fcomments&post=8027"}],"version-history":[{"count":3,"href":"http:\/\/parafia.zebrzydowice.eu\/index.php?rest_route=\/wp\/v2\/posts\/8027\/revisions"}],"predecessor-version":[{"id":8117,"href":"http:\/\/parafia.zebrzydowice.eu\/index.php?rest_route=\/wp\/v2\/posts\/8027\/revisions\/8117"}],"wp:attachment":[{"href":"http:\/\/parafia.zebrzydowice.eu\/index.php?rest_route=%2Fwp%2Fv2%2Fmedia&parent=8027"}],"wp:term":[{"taxonomy":"category","embeddable":true,"href":"http:\/\/parafia.zebrzydowice.eu\/index.php?rest_route=%2Fwp%2Fv2%2Fcategories&post=8027"},{"taxonomy":"post_tag","embeddable":true,"href":"http:\/\/parafia.zebrzydowice.eu\/index.php?rest_route=%2Fwp%2Fv2%2Ftags&post=8027"}],"curies":[{"name":"wp","href":"https:\/\/api.w.org\/{rel}","templated":true}]}}