{"id":7404,"date":"2024-05-30T14:27:55","date_gmt":"2024-05-30T12:27:55","guid":{"rendered":"http:\/\/parafia.zebrzydowice.eu\/?p=7404"},"modified":"2024-05-30T14:27:55","modified_gmt":"2024-05-30T12:27:55","slug":"msza-swieta-i-czuwanie-w-intencji-dzieci-i-mlodziezy","status":"publish","type":"post","link":"http:\/\/parafia.zebrzydowice.eu\/?p=7404","title":{"rendered":"Msza \u015bwi\u0119ta i czuwanie w intencji dzieci i m\u0142odzie\u017cy"},"content":{"rendered":"\n<figure class=\"wp-block-image size-large\"><a href=\"http:\/\/parafia.zebrzydowice.eu\/wp-content\/uploads\/2024\/05\/Adoracja-03.06.2024-maly.jpg\"><img decoding=\"async\" loading=\"lazy\" width=\"724\" height=\"1024\" src=\"http:\/\/parafia.zebrzydowice.eu\/wp-content\/uploads\/2024\/05\/Adoracja-03.06.2024-maly-724x1024.jpg\" alt=\"\" class=\"wp-image-7405\" srcset=\"http:\/\/parafia.zebrzydowice.eu\/wp-content\/uploads\/2024\/05\/Adoracja-03.06.2024-maly-724x1024.jpg 724w, http:\/\/parafia.zebrzydowice.eu\/wp-content\/uploads\/2024\/05\/Adoracja-03.06.2024-maly-212x300.jpg 212w, http:\/\/parafia.zebrzydowice.eu\/wp-content\/uploads\/2024\/05\/Adoracja-03.06.2024-maly-768x1086.jpg 768w, http:\/\/parafia.zebrzydowice.eu\/wp-content\/uploads\/2024\/05\/Adoracja-03.06.2024-maly.jpg 953w\" sizes=\"(max-width: 724px) 100vw, 724px\" \/><\/a><\/figure>\n","protected":false},"excerpt":{"rendered":"","protected":false},"author":9,"featured_media":0,"comment_status":"closed","ping_status":"closed","sticky":false,"template":"","format":"standard","meta":{"ngg_post_thumbnail":0},"categories":[1],"tags":[],"_links":{"self":[{"href":"http:\/\/parafia.zebrzydowice.eu\/index.php?rest_route=\/wp\/v2\/posts\/7404"}],"collection":[{"href":"http:\/\/parafia.zebrzydowice.eu\/index.php?rest_route=\/wp\/v2\/posts"}],"about":[{"href":"http:\/\/parafia.zebrzydowice.eu\/index.php?rest_route=\/wp\/v2\/types\/post"}],"author":[{"embeddable":true,"href":"http:\/\/parafia.zebrzydowice.eu\/index.php?rest_route=\/wp\/v2\/users\/9"}],"replies":[{"embeddable":true,"href":"http:\/\/parafia.zebrzydowice.eu\/index.php?rest_route=%2Fwp%2Fv2%2Fcomments&post=7404"}],"version-history":[{"count":1,"href":"http:\/\/parafia.zebrzydowice.eu\/index.php?rest_route=\/wp\/v2\/posts\/7404\/revisions"}],"predecessor-version":[{"id":7406,"href":"http:\/\/parafia.zebrzydowice.eu\/index.php?rest_route=\/wp\/v2\/posts\/7404\/revisions\/7406"}],"wp:attachment":[{"href":"http:\/\/parafia.zebrzydowice.eu\/index.php?rest_route=%2Fwp%2Fv2%2Fmedia&parent=7404"}],"wp:term":[{"taxonomy":"category","embeddable":true,"href":"http:\/\/parafia.zebrzydowice.eu\/index.php?rest_route=%2Fwp%2Fv2%2Fcategories&post=7404"},{"taxonomy":"post_tag","embeddable":true,"href":"http:\/\/parafia.zebrzydowice.eu\/index.php?rest_route=%2Fwp%2Fv2%2Ftags&post=7404"}],"curies":[{"name":"wp","href":"https:\/\/api.w.org\/{rel}","templated":true}]}}