{"id":7197,"date":"2024-02-29T21:11:04","date_gmt":"2024-02-29T20:11:04","guid":{"rendered":"http:\/\/parafia.zebrzydowice.eu\/?p=7197"},"modified":"2024-03-05T20:47:31","modified_gmt":"2024-03-05T19:47:31","slug":"ii-nocna-droga-krzyzowa","status":"publish","type":"post","link":"http:\/\/parafia.zebrzydowice.eu\/?p=7197","title":{"rendered":"II NOCNA DROGA KRZY\u017bOWA"},"content":{"rendered":"\n<figure class=\"wp-block-image size-large\"><a href=\"http:\/\/parafia.zebrzydowice.eu\/wp-content\/uploads\/2024\/02\/Naglowek.jpg\"><img decoding=\"async\" loading=\"lazy\" width=\"1024\" height=\"324\" src=\"http:\/\/parafia.zebrzydowice.eu\/wp-content\/uploads\/2024\/02\/Naglowek-1024x324.jpg\" alt=\"\" class=\"wp-image-7200\" srcset=\"http:\/\/parafia.zebrzydowice.eu\/wp-content\/uploads\/2024\/02\/Naglowek-1024x324.jpg 1024w, http:\/\/parafia.zebrzydowice.eu\/wp-content\/uploads\/2024\/02\/Naglowek-300x95.jpg 300w, http:\/\/parafia.zebrzydowice.eu\/wp-content\/uploads\/2024\/02\/Naglowek-768x243.jpg 768w, http:\/\/parafia.zebrzydowice.eu\/wp-content\/uploads\/2024\/02\/Naglowek-1536x486.jpg 1536w, http:\/\/parafia.zebrzydowice.eu\/wp-content\/uploads\/2024\/02\/Naglowek.jpg 1782w\" sizes=\"(max-width: 1024px) 100vw, 1024px\" \/><\/a><\/figure>\n\n\n\n<h1 class=\"has-text-align-center\">Pi\u0105tek 15 marca, pocz\u0105tek o godzinie 18:00<\/h1>\n\n\n\n<p class=\"has-text-align-center\">Rozpoczniemy Msz\u0105 \u015bwi\u0119t\u0105 w naszym ko\u015bciele. Pocz\u0105tek i koniec Nocnej Drogi Krzy\u017cowej przy naszym ko\u015bciele.<\/p>\n\n\n\n<p class=\"has-text-align-center\"><strong>Przejdziemy 25 km<\/strong> tras\u0105 prowadz\u0105c\u0105 ko\u0142o ko\u015bcio\u0142\u00f3w naszej gminy. P\u00f3jdziemy g\u0142\u00f3wnie bocznymi drogami przez Zebrzydowice, Marklowice G\u00f3rne, Kaczyce i Ko\u0144czyce Ma\u0142e.<\/p>\n\n\n<div class=\"wp-block-image\">\n<figure class=\"aligncenter size-full\"><a href=\"http:\/\/parafia.zebrzydowice.eu\/wp-content\/uploads\/2024\/03\/Trasa-NDK-2024-ze-stacjami-mala.jpg\"><img decoding=\"async\" loading=\"lazy\" width=\"571\" height=\"707\" src=\"http:\/\/parafia.zebrzydowice.eu\/wp-content\/uploads\/2024\/03\/Trasa-NDK-2024-ze-stacjami-mala.jpg\" alt=\"\" class=\"wp-image-7205\" srcset=\"http:\/\/parafia.zebrzydowice.eu\/wp-content\/uploads\/2024\/03\/Trasa-NDK-2024-ze-stacjami-mala.jpg 571w, http:\/\/parafia.zebrzydowice.eu\/wp-content\/uploads\/2024\/03\/Trasa-NDK-2024-ze-stacjami-mala-242x300.jpg 242w\" sizes=\"(max-width: 571px) 100vw, 571px\" \/><\/a><\/figure><\/div>\n\n<div class=\"wp-block-image\">\n<figure class=\"aligncenter size-full is-resized\"><a href=\"http:\/\/parafia.zebrzydowice.eu\/wp-content\/uploads\/2024\/02\/Profil-wysokosciowy.jpg\"><img decoding=\"async\" loading=\"lazy\" src=\"http:\/\/parafia.zebrzydowice.eu\/wp-content\/uploads\/2024\/02\/Profil-wysokosciowy.jpg\" alt=\"\" class=\"wp-image-7198\" width=\"385\" height=\"287\" srcset=\"http:\/\/parafia.zebrzydowice.eu\/wp-content\/uploads\/2024\/02\/Profil-wysokosciowy.jpg 463w, http:\/\/parafia.zebrzydowice.eu\/wp-content\/uploads\/2024\/02\/Profil-wysokosciowy-300x224.jpg 300w\" sizes=\"(max-width: 385px) 100vw, 385px\" \/><\/a><\/figure><\/div>\n\n\n<h2>Wa\u017cne informacje<\/h2>\n\n\n\n<ol>\n<li>To nie jest wycieczka, sportowe wyzwanie, czy nocna przygoda. Ma to by\u0107 <strong>czas duchowego prze\u017cycia, indywidualnej modlitwy, skupienia, przemy\u015blenia<\/strong>.<\/li>\n\n\n\n<li><strong>IDZIEMY W MILCZENIU<\/strong>. Ma nam towarzyszy\u0107 noc i cisza.<\/li>\n\n\n\n<li>Skoro Droga Krzy\u017cowa, to zabierz ze sob\u0105 niedu\u017cy krzy\u017c, np. zrobiony z dw\u00f3ch ga\u0142\u0119zi. Mo\u017cesz nie\u015b\u0107 go w r\u0119ce, albo przypi\u0105\u0107 do plecaka.<\/li>\n\n\n\n<li>Trasa nie jest kr\u00f3tka. Przygotuj si\u0119, \u017ce b\u0119dzie bola\u0142o&#8230; P\u00f3jdziemy oko\u0142o 6 godzin.<\/li>\n\n\n\n<li>Chcemy i\u015b\u0107 troch\u0119 wolniej, ni\u017c w zesz\u0142ym roku \ud83d\ude42 Postaramy si\u0119 dostosowa\u0107 do Twojego tempa.<\/li>\n\n\n\n<li>Przy ka\u017cdej stacji Drogi Krzy\u017cowej (b\u0119dzie to ko\u015bci\u00f3\u0142, kapliczka albo krzy\u017c) zatrzymamy si\u0119 na kr\u00f3tk\u0105 chwil\u0119. Rozwa\u017ca\u0107 b\u0119dziemy dalej w trasie. Ka\u017cdy indywidualnie. <strong>Zach\u0119camy do skorzystania z przygotowanych na ten rok rozwa\u017ca\u0144 ze strony <a rel=\"noreferrer noopener\" href=\"https:\/\/www.edk.org.pl\/rozwazania\" target=\"_blank\">https:\/\/www.edk.org.pl\/rozwazania<\/a> <\/strong>Mo\u017cesz je sobie wydrukowa\u0107, albo ods\u0142uchiwa\u0107 na bie\u017c\u0105co online (nie zapomnij s\u0142uchawek!). Wprowadzenie przeczytaj albo wys\u0142uchaj jeszcze przed rozpocz\u0119ciem Drogi, np. w domu.<\/li>\n\n\n\n<li>Pogoda niekoniecznie b\u0119dzie nas rozpieszcza\u0107. Sprawdzaj prognoz\u0119 pogody i ubierz si\u0119 ciep\u0142o. We\u017a co\u015b na wypadek deszczu.<\/li>\n\n\n\n<li>Zabierz ze sob\u0105 koniecznie picie i co\u015b do jedzenia. Po drodze planujemy co najmniej dwa postoje &#8211; przy ko\u015bciele w Kaczycach oraz ko\u0142o zamku w Ko\u0144cycach<\/li>\n\n\n\n<li>Pami\u0119taj o odblaskach. Koniecznie we\u017a czo\u0142\u00f3wk\u0119. Dobrze te\u017c mie\u0107 tyln\u0105 czerwon\u0105 lampk\u0119 przymocowan\u0105 do plecaka.<\/li>\n\n\n\n<li>Idziesz na w\u0142asn\u0105 odpowiedzialno\u015b\u0107. O bezpiecze\u0144stwo powiniene\u015b zadba\u0107 samemu. Dobrze jest um\u00f3wi\u0107 si\u0119 z kim\u015b bliskim na ewentualny kontakt telefoniczny. Ale w razie potrzeby, nie zostawimy Ci\u0119.<\/li>\n\n\n\n<li>\u200dJe\u015bli masz pytania, zadzwo\u0144 na numer 664 696 172.<\/li>\n\n\n\n<li>Chcesz \u015blad trasy w formacie gpx? Wy\u015blij esemesa z pro\u015bb\u0105 i adresem email na powy\u017cszy numer telefonu. Prze\u015blemy Ci.<\/li>\n<\/ol>\n\n\n\n<p>Inicjatorem tej Nocnej Drogi Krzy\u017cowej wok\u00f3\u0142 Zebrzydowic jest wsp\u00f3lnota DOM. Chcesz dowiedzie\u0107 si\u0119 o nas wi\u0119cej? Wejd\u017a tutaj: <a rel=\"noreferrer noopener\" href=\"http:\/\/parafia.zebrzydowice.eu\/?p=3691\" target=\"_blank\">http:\/\/parafia.zebrzydowice.eu\/?p=3691<\/a><\/p>\n","protected":false},"excerpt":{"rendered":"<p>Pi\u0105tek 15 marca, pocz\u0105tek o godzinie 18:00 Rozpoczniemy Msz\u0105 \u015bwi\u0119t\u0105 w naszym ko\u015bciele. Pocz\u0105tek i koniec Nocnej Drogi Krzy\u017cowej przy naszym ko\u015bciele. Przejdziemy 25 km tras\u0105 prowadz\u0105c\u0105 ko\u0142o ko\u015bcio\u0142\u00f3w naszej gminy. P\u00f3jdziemy g\u0142\u00f3wnie bocznymi drogami przez Zebrzydowice, Marklowice G\u00f3rne, Kaczyce i Ko\u0144czyce Ma\u0142e. Wa\u017cne informacje Inicjatorem tej Nocnej Drogi Krzy\u017cowej wok\u00f3\u0142 Zebrzydowic jest wsp\u00f3lnota DOM. &#8230; <span class=\"more\"><a class=\"more-link\" href=\"http:\/\/parafia.zebrzydowice.eu\/?p=7197\">[czytaj dalej]<\/a><\/span><\/p>\n","protected":false},"author":9,"featured_media":0,"comment_status":"closed","ping_status":"closed","sticky":false,"template":"","format":"standard","meta":{"ngg_post_thumbnail":0},"categories":[1],"tags":[],"_links":{"self":[{"href":"http:\/\/parafia.zebrzydowice.eu\/index.php?rest_route=\/wp\/v2\/posts\/7197"}],"collection":[{"href":"http:\/\/parafia.zebrzydowice.eu\/index.php?rest_route=\/wp\/v2\/posts"}],"about":[{"href":"http:\/\/parafia.zebrzydowice.eu\/index.php?rest_route=\/wp\/v2\/types\/post"}],"author":[{"embeddable":true,"href":"http:\/\/parafia.zebrzydowice.eu\/index.php?rest_route=\/wp\/v2\/users\/9"}],"replies":[{"embeddable":true,"href":"http:\/\/parafia.zebrzydowice.eu\/index.php?rest_route=%2Fwp%2Fv2%2Fcomments&post=7197"}],"version-history":[{"count":4,"href":"http:\/\/parafia.zebrzydowice.eu\/index.php?rest_route=\/wp\/v2\/posts\/7197\/revisions"}],"predecessor-version":[{"id":7207,"href":"http:\/\/parafia.zebrzydowice.eu\/index.php?rest_route=\/wp\/v2\/posts\/7197\/revisions\/7207"}],"wp:attachment":[{"href":"http:\/\/parafia.zebrzydowice.eu\/index.php?rest_route=%2Fwp%2Fv2%2Fmedia&parent=7197"}],"wp:term":[{"taxonomy":"category","embeddable":true,"href":"http:\/\/parafia.zebrzydowice.eu\/index.php?rest_route=%2Fwp%2Fv2%2Fcategories&post=7197"},{"taxonomy":"post_tag","embeddable":true,"href":"http:\/\/parafia.zebrzydowice.eu\/index.php?rest_route=%2Fwp%2Fv2%2Ftags&post=7197"}],"curies":[{"name":"wp","href":"https:\/\/api.w.org\/{rel}","templated":true}]}}