{"id":4822,"date":"2020-03-14T13:07:54","date_gmt":"2020-03-14T12:07:54","guid":{"rendered":"http:\/\/parafia.zebrzydowice.eu\/?p=4822"},"modified":"2020-03-14T13:07:54","modified_gmt":"2020-03-14T12:07:54","slug":"apel-biskupa-bielsko-zywieckiego-w-zwiazku-z-epidemia-koronawirusa","status":"publish","type":"post","link":"http:\/\/parafia.zebrzydowice.eu\/?p=4822","title":{"rendered":"Apel Biskupa Bielsko-\u017bywieckiego w zwi\u0105zku z epidemi\u0105 koronawirusa"},"content":{"rendered":"<p><strong>Biskup Roman Pindel udziela dyspensy wszystkim Wiernym na terenie Diecezji Bielsko-\u017bywieckiej od uczestnictwa w niedzielnej Mszy \u015awi\u0119tej i wzywa do pozostania w domach.<\/strong><\/p>\n<p>Jeste\u015bmy w bardzo trudnej sytuacji. Nast\u0119puje gwa\u0142towny wzrost zachorowa\u0144. Rz\u0105d Rzeczypospolitej Polskiej wprowadzi\u0142 stan zagro\u017cenia epidemicznego. Zamkn\u0105\u0142 granice, wszystkie restauracje, bary i plac\u00f3wki handlowe z wyj\u0105tkiem sklep\u00f3w spo\u017cywczych i aptek. Obowi\u0105zuje restrykcyjne prawo ograniczaj\u0105ce zgromadzenia do 50 os\u00f3b. Odnosi si\u0119 ono r\u00f3wnie\u017c do wszystkich uroczysto\u015bci religijnych, czyli Mszy \u015awi\u0119tych, pogrzeb\u00f3w, \u015blub\u00f3w i nabo\u017ce\u0144stw.<\/p>\n<p>Poniewa\u017c wszyscy jeste\u015bmy zagro\u017ceni, dlatego udzielam dyspensy od niedzielnej Mszy \u015awi\u0119tej wszystkim Wiernym na terenie Diecezji Bielsko-\u017bywieckiej. Zarz\u0105dzam, by w ka\u017cdej Eucharystii, tak\u017ce niedzielnej, mog\u0142y uczestniczy\u0107 tylko osoby, kt\u00f3re zam\u00f3wi\u0142y intencj\u0119 tej Mszy \u015awi\u0119tej. W przypadku pogrzeb\u00f3w i \u015blub\u00f3w uczestniczy tylko najbli\u017csza rodzina. Odwo\u0142ane zostaj\u0105 wszystkie nabo\u017ce\u0144stwa, w tym Gorzkie \u017bale i Droga Krzy\u017cowa.<br \/>\nWyka\u017cmy daleko id\u0105c\u0105 samodyscyplin\u0119 pozostaj\u0105c w domach i nie nara\u017cajmy duszpasterzy na odpowiedzialno\u015b\u0107 karn\u0105 za z\u0142amanie obowi\u0105zuj\u0105cego prawa. Zosta\u0142o ono wprowadzone, aby powstrzyma\u0107 fal\u0119 zachorowa\u0144 i \u015bmierci.<\/p>\n<p>Z wiedzy medycznej wynika, \u017ce najbardzej nara\u017cone s\u0105 osoby starsze, przewlekle chore, os\u0142abione czy maj\u0105ce mniejsz\u0105 odporno\u015b\u0107. Ludzie m\u0142odzi i w \u015brednim wieku mog\u0105 by\u0107 nosicielami wirusa i bezwiednie zara\u017ca\u0107 innych, w tym swoich najbli\u017cszych: rodzic\u00f3w, rodze\u0144stwo i dzieci. Dlatego wszyscy jeste\u015bmy zagro\u017ceni. Powinni\u015bmy skorzysta\u0107 z dyspensy i w najbli\u017csze niedziele nie i\u015b\u0107 do ko\u015bcio\u0142a. Prze\u017cywajmy niedzieln\u0105 Eucharysti\u0119 w domu, z rodzin\u0105 za po\u015brednictwem medi\u00f3w. \u0141\u0105czmy si\u0119 z ca\u0142ym Ko\u015bcio\u0142em Diecezjalnym poprzez Modlitw\u0119 R\u00f3\u017ca\u0144cow\u0105, Koronk\u0119 do Bo\u017cego Mi\u0142osierdzia, lektur\u0119 Pisma \u015awi\u0119tego.<\/p>\n<p>Ko\u015bci\u00f3\u0142 jest ucieczk\u0105 dla os\u00f3b chorych, strapionych, udr\u0119czonych. Dlatego szczeg\u00f3lnie w tym trudnym czasie ksi\u0119\u017ca s\u0105 do dyspozycji wiernych. S\u0105 gotowi do rozmowy duszpasterskiej, udzielaj\u0105 sakrament\u00f3w, zw\u0142aszcza pokuty i namaszczenia chorych. Ju\u017c mamy liczne \u015bwiadectwa nawr\u00f3ce\u0144 po wielu latach, regulowania sytuacji ma\u0142\u017ce\u0144skich i powrotu do Ko\u015bcio\u0142a.<\/p>\n<p>Ko\u015bcio\u0142y pozostaj\u0105 otwarte daj\u0105c mo\u017cliwo\u015b\u0107 osobistej modlitwy i adoracji. Prosz\u0119 jednak zachowa\u0107 roztropno\u015b\u0107, by nie wchodzi\u0107 do ko\u015bcio\u0142a w kt\u00f3rym znajduje si\u0119 ju\u017c du\u017ca liczba os\u00f3b. Wi\u0105\u017ce si\u0119 to z ryzykiem przenoszenia wirusa.<\/p>\n<p>Czas epidemii, jak ka\u017cdy czas napi\u0119cia, kryzysu czy sytuacji granicznej, mo\u017ce by\u0107 przez nas tw\u00f3rczo wykorzystany. Nie ulegajmy przygn\u0119bieniu, nie pot\u0119gujmy paniki. Korzystajmy tylko z wiarygodnych \u017ar\u00f3de\u0142 wiedzy, nie powielajmy fa\u0142szywych informacji. Wspierajmy si\u0119 wzajemnie dobrym s\u0142owem i modlitw\u0105. U\u015bwiadamiajmy innych i cierpliwie wyja\u015bniajmy osobom starszym zaistnia\u0142\u0105 sytuacj\u0119. Telefonujmy do os\u00f3b samotnych. Zadbajmy o to, by niczego im nie zabrak\u0142o. Zorganizujmy w domach czas dla dzieci i m\u0142odzie\u017cy. To dobra okazja, by si\u0119gn\u0105\u0107 po warto\u015bciow\u0105 literatur\u0119, film czy te\u017c pog\u0142\u0119bi\u0107 relacj\u0119 z domownikami poprzez g\u0142\u0119bsze rozmowy dotycz\u0105ce spraw najwa\u017cniejszych. Nie bagatelizujmy zagro\u017cenia, ograniczmy kontakty towarzyskie. Podj\u0119te przez nas wyrzeczenia, maj\u0105ce na celu ograniczenie epidemii potraktujmy jako szczeg\u00f3ln\u0105 form\u0119 prze\u017cywanie tegorocznego Wielkiego Postu.<\/p>\n<p>Niech ten czas pr\u00f3by i do\u015bwiadczenia umocni nas i stanie si\u0119 okazj\u0105 do pog\u0142\u0119bienia wiary i praktykowania mi\u0142o\u015bci, zw\u0142aszcza w gronie najbli\u017cszych. Jeszcze raz prosz\u0119 wszystkich o odpowiedzialno\u015b\u0107 i pozostanie w domach.<\/p>\n<p>W naszych modlitwach pamietajmy o chorych, zmar\u0142ych oraz o wszystkich podejmuj\u0105cych codziennie wysi\u0142ek powstrzymania epidemii.<\/p>\n<p>Wszystkim udzielam pasterskiego b\u0142ogos\u0142awie\u0144stwa.<\/p>\n<p>\u2020 Roman Pindel<br \/>\nBiskup Bielsko-\u017bywiecki<\/p>\n<p>Bielsko-Bia\u0142a, 14 marca 2020 roku<br \/>\nL. Dz. 389\/2020<\/p>\n<p><strong><span style=\"font-size: 18pt;\">Do apelu biskupa przy\u0142\u0105cza si\u0119 ksi\u0105dz proboszcz&nbsp;<span class=\"_5yl5\">Marian Bra\u0144ka.<\/span><\/span><\/strong><\/p>\n","protected":false},"excerpt":{"rendered":"<p>Biskup Roman Pindel udziela dyspensy wszystkim Wiernym na terenie Diecezji Bielsko-\u017bywieckiej od uczestnictwa w niedzielnej Mszy \u015awi\u0119tej i wzywa do pozostania w domach. Jeste\u015bmy w bardzo trudnej sytuacji. Nast\u0119puje gwa\u0142towny wzrost zachorowa\u0144. Rz\u0105d Rzeczypospolitej Polskiej wprowadzi\u0142 stan zagro\u017cenia epidemicznego. Zamkn\u0105\u0142 granice, wszystkie restauracje, bary i plac\u00f3wki handlowe z wyj\u0105tkiem sklep\u00f3w spo\u017cywczych i aptek. Obowi\u0105zuje restrykcyjne &#8230; <span class=\"more\"><a class=\"more-link\" href=\"http:\/\/parafia.zebrzydowice.eu\/?p=4822\">[czytaj dalej]<\/a><\/span><\/p>\n","protected":false},"author":7,"featured_media":0,"comment_status":"closed","ping_status":"closed","sticky":false,"template":"","format":"standard","meta":{"ngg_post_thumbnail":0},"categories":[1],"tags":[],"_links":{"self":[{"href":"http:\/\/parafia.zebrzydowice.eu\/index.php?rest_route=\/wp\/v2\/posts\/4822"}],"collection":[{"href":"http:\/\/parafia.zebrzydowice.eu\/index.php?rest_route=\/wp\/v2\/posts"}],"about":[{"href":"http:\/\/parafia.zebrzydowice.eu\/index.php?rest_route=\/wp\/v2\/types\/post"}],"author":[{"embeddable":true,"href":"http:\/\/parafia.zebrzydowice.eu\/index.php?rest_route=\/wp\/v2\/users\/7"}],"replies":[{"embeddable":true,"href":"http:\/\/parafia.zebrzydowice.eu\/index.php?rest_route=%2Fwp%2Fv2%2Fcomments&post=4822"}],"version-history":[{"count":1,"href":"http:\/\/parafia.zebrzydowice.eu\/index.php?rest_route=\/wp\/v2\/posts\/4822\/revisions"}],"predecessor-version":[{"id":4823,"href":"http:\/\/parafia.zebrzydowice.eu\/index.php?rest_route=\/wp\/v2\/posts\/4822\/revisions\/4823"}],"wp:attachment":[{"href":"http:\/\/parafia.zebrzydowice.eu\/index.php?rest_route=%2Fwp%2Fv2%2Fmedia&parent=4822"}],"wp:term":[{"taxonomy":"category","embeddable":true,"href":"http:\/\/parafia.zebrzydowice.eu\/index.php?rest_route=%2Fwp%2Fv2%2Fcategories&post=4822"},{"taxonomy":"post_tag","embeddable":true,"href":"http:\/\/parafia.zebrzydowice.eu\/index.php?rest_route=%2Fwp%2Fv2%2Ftags&post=4822"}],"curies":[{"name":"wp","href":"https:\/\/api.w.org\/{rel}","templated":true}]}}