{"id":4055,"date":"2017-11-26T14:25:49","date_gmt":"2017-11-26T13:25:49","guid":{"rendered":"http:\/\/parafia.zebrzydowice.eu\/?p=4055"},"modified":"2018-03-11T10:48:03","modified_gmt":"2018-03-11T09:48:03","slug":"porzadek-koled-03-12-2017-23-12-2017","status":"publish","type":"post","link":"http:\/\/parafia.zebrzydowice.eu\/?p=4055","title":{"rendered":"Porz\u0105dek kol\u0119d 03.12.2017-23.12.2017"},"content":{"rendered":"<p>Porz\u0105dek kol\u0119d od 03.12 do 23.12.2017<\/p>\n<p>3.12.2017r. \u2013 Niedziela \u2013 godz. 13.30<\/p>\n<div>ul. Jesionowa od ko\u0144ca<\/div>\n<div>ul. Asnyka i Palmowa od pocz\u0105tku<\/div>\n<div>ul. Jesionowa od pocz\u0105tku<\/div>\n<p>9.12.2017r. \u2013 Sobota \u2013 godz. 9.00<\/p>\n<div>ul. Dzia\u0142kowa i PCK od pocz\u0105tku<\/div>\n<div>ul. Okr\u0119\u017cna, Go\u017adzikowa, Astr\u00f3w od pocz\u0105tku<\/div>\n<div>ul. Chabrowa i Groblowa od pocz\u0105tku<\/div>\n<div>&nbsp;<\/div>\n<p>10.12.2017r. \u2013 Niedziela \u2013 godz. 13.30<\/p>\n<div>ul. Weso\u0142a i T\u0119czowa od pocz\u0105tku<\/div>\n<div>ul. Poziomkowa i S\u0142owicza od ko\u0144ca<\/div>\n<p>&nbsp;<\/p>\n<p>16.12.2017r. \u2013 Sobota \u2013 godz. 9.00<\/p>\n<div>ul. Topolowa od ko\u0144ca<\/div>\n<div>ul. Ks. Janusza od 1 &#8211; 46<\/div>\n<div>ul. Ks. Janusza od ko\u0144ca i ul. Stroma od pocz\u0105tku<\/div>\n<div>&nbsp;<\/div>\n<p>17.12.2017r. \u2013 Niedziela \u2013 godz. 13.30<\/p>\n<div>ul. Liliowa i Pi\u0119kna od pocz\u0105tku<\/div>\n<div>ul. G\u00f3rnicza i Kasztanowa od pocz\u0105tku<\/div>\n<div>ul. Tulipanowa i Makowa od pocz\u0105tku<\/div>\n<div>&nbsp;<\/div>\n<p>23.12.2017r. \u2013 Sobota \u2013 godz. 9.00<\/p>\n<div>ul. Dworcowa 30, 38, 36, 34, 32 Balcar<\/div>\n<div>ul. Akacjowa i ul. \u015awierkowa od pocz\u0105tku<\/div>\n<div>ul. Zamkowa od ko\u0144ca<\/div>\n","protected":false},"excerpt":{"rendered":"<p>Porz\u0105dek kol\u0119d<\/p>\n","protected":false},"author":8,"featured_media":4176,"comment_status":"closed","ping_status":"closed","sticky":false,"template":"","format":"standard","meta":{"ngg_post_thumbnail":0},"categories":[1],"tags":[],"_links":{"self":[{"href":"http:\/\/parafia.zebrzydowice.eu\/index.php?rest_route=\/wp\/v2\/posts\/4055"}],"collection":[{"href":"http:\/\/parafia.zebrzydowice.eu\/index.php?rest_route=\/wp\/v2\/posts"}],"about":[{"href":"http:\/\/parafia.zebrzydowice.eu\/index.php?rest_route=\/wp\/v2\/types\/post"}],"author":[{"embeddable":true,"href":"http:\/\/parafia.zebrzydowice.eu\/index.php?rest_route=\/wp\/v2\/users\/8"}],"replies":[{"embeddable":true,"href":"http:\/\/parafia.zebrzydowice.eu\/index.php?rest_route=%2Fwp%2Fv2%2Fcomments&post=4055"}],"version-history":[{"count":5,"href":"http:\/\/parafia.zebrzydowice.eu\/index.php?rest_route=\/wp\/v2\/posts\/4055\/revisions"}],"predecessor-version":[{"id":4177,"href":"http:\/\/parafia.zebrzydowice.eu\/index.php?rest_route=\/wp\/v2\/posts\/4055\/revisions\/4177"}],"wp:featuredmedia":[{"embeddable":true,"href":"http:\/\/parafia.zebrzydowice.eu\/index.php?rest_route=\/wp\/v2\/media\/4176"}],"wp:attachment":[{"href":"http:\/\/parafia.zebrzydowice.eu\/index.php?rest_route=%2Fwp%2Fv2%2Fmedia&parent=4055"}],"wp:term":[{"taxonomy":"category","embeddable":true,"href":"http:\/\/parafia.zebrzydowice.eu\/index.php?rest_route=%2Fwp%2Fv2%2Fcategories&post=4055"},{"taxonomy":"post_tag","embeddable":true,"href":"http:\/\/parafia.zebrzydowice.eu\/index.php?rest_route=%2Fwp%2Fv2%2Ftags&post=4055"}],"curies":[{"name":"wp","href":"https:\/\/api.w.org\/{rel}","templated":true}]}}